{"id":15105,"date":"2023-07-25T13:23:16","date_gmt":"2023-07-25T18:23:16","guid":{"rendered":"https:\/\/agriblog.pacoexplorer.com\/?p=15047"},"modified":"2023-07-25T13:23:16","modified_gmt":"2023-07-25T18:23:16","slug":"dia-mundial-del-perro-un-homenaje-a-nuestros-companeros-fieles","status":"publish","type":"post","link":"https:\/\/agripac.com.ec\/blog\/dia-mundial-del-perro-un-homenaje-a-nuestros-companeros-fieles\/","title":{"rendered":"D\u00eda Mundial del Perro: Un Homenaje a nuestros compa\u00f1eros fieles"},"content":{"rendered":"<p style=\"text-align: justify;\"><span style=\"font-size: 12px;\"><strong>Introducci\u00f3n: <\/strong><\/span><span style=\"font-size: 12px;\">El <strong>D\u00eda Mundial del Perro<\/strong> es una celebraci\u00f3n que busca honrar a nuestros fieles compa\u00f1eros caninos y concienciar sobre su importancia en nuestras vidas. En Ecuador, esta fecha cobra especial relevancia debido al amor y respeto que tenemos hacia los perros.<\/span><br \/><span style=\"font-size: 12px;\">En este <a href=\"https:\/\/agripac.com.ec\/blog\/mascotas\/\">blog<\/a> , exploraremos la maravillosa relaci\u00f3n que existe con nuestros peluditos. Descubriremos las diferentes formas en las que contribuyen a nuestra sociedad y c\u00f3mo podemos garantizar su bienestar. \u00a1Acomp\u00e1\u00f1anos en esta aventura de descubrimiento y celebraci\u00f3n de nuestros amigos de cuatro patas!<\/span><\/p>\n\n\n\n\n<h2 id=\"1-historia-y-significado-detras-del-dia-mundial-del-perro\" class=\"wp-block-heading\">1. Historia y significado detr\u00e1s del D\u00eda Mundial del Perro<\/h2>\n\n\n<p style=\"text-align: justify;\">El D\u00eda Mundial del Perro se celebra cada 21 de julio en todo el mundo para honrar a uno de los animales m\u00e1s queridos por la humanidad. La fecha fue establecida en 2004 por la Federaci\u00f3n<a href=\"https:\/\/www.ifaw.org\/international\" target=\"_blank\" rel=\"noopener\"> Internacional de Protecci\u00f3n Animal<\/a> (IFAW, por sus siglas en ingl\u00e9s) con el objetivo de reconocer el papel vital que juegan en nuestras vidas, ya sea como compa\u00f1eros de vida, animales de trabajo, protectores o incluso salvavidas. Adem\u00e1s, tambi\u00e9n se busca promover la adopci\u00f3n responsable de perros y fomentar su bienestar en todo el mundo.<\/p>\n\n\n<figure class=\"wp-block-image aligncenter size-full\"><img decoding=\"async\" src=\"https:\/\/agripac.com.ec\/blog\/wp-content\/uploads\/2023\/07\/Dia-mundial-del-perro-.png\" alt=\"\" class=\"lazyload_inited wp-image-15048\"\/><\/figure>\n\n\n\n<h2 id=\"2-cuantos-perros-hay-en-ecuador\" class=\"wp-block-heading\">2. \u00bfCu\u00e1ntos perros hay en Ecuador?<\/h2>\n\n\n<p style=\"text-align: justify;\">La poblaci\u00f3n canina en Ecuador ha sido un tema de inter\u00e9s en los \u00faltimos a\u00f1os. Seg\u00fan datos del Instituto Nacional de Estad\u00edstica y Censos (INEC), en el 2019 exist\u00edan alrededor de 1.8 millones de perros registrados en el pa\u00eds. Sin embargo, se estima que la cifra real podr\u00eda ser mayor debido a la cantidad de perros callejeros que existen en las ciudades y zonas rurales.<br \/><br \/>Adem\u00e1s, la falta de pol\u00edticas p\u00fablicas efectivas para el control de su reproducci\u00f3n en el pa\u00eds, ha contribuido al aumento de su poblaci\u00f3n. Seg\u00fan un <a href=\"https:\/\/www.usfq.edu.ec\/sites\/default\/files\/2023-02\/enfoque-86-marzo-2022.pdf\" target=\"_blank\" rel=\"noopener\">estudio realizado por la Universidad San Francisco de Quito<\/a> , el 70% de los perros en el pa\u00eds no est\u00e1n esterilizados, lo que contribuye a la sobrepoblaci\u00f3n y a la aparici\u00f3n de enfermedades.<\/p>\n\n\n<h2 id=\"3-cuidado-y-alimentacion-de-tu-amigo-peludo\" class=\"wp-block-heading\">3. Cuidado y alimentaci\u00f3n de tu amigo peludo<\/h2>\n\n\n<p style=\"text-align: justify;\">Cuidar de nuestros perritos, de manera adecuada, es esencial para mantener su salud y bienestar. Tenemos que brindarles suficiente agua fresca y limpia, mantenerlos al d\u00eda con sus vacunas y visitas al veterinario.<br \/><br \/>Otra recomendaci\u00f3n es dedicar tiempo diario para jugar y ejercitarlos, ya sea con paseos al aire libre o con juegos en casa. No podemos olvidarnos de la higiene, por lo que es necesario ba\u00f1arlos peri\u00f3dicamente, cepillar su pelaje y mantener sus u\u00f1as cortas.<br \/><br \/>Lo m\u00e1s importante es proporcionarles una alimentaci\u00f3n balanceada y de calidad, que incluya alimentos espec\u00edficos para su etapa de vida y tama\u00f1o.<br \/><br \/>En Agripac, entendemos la importancia de cuidar a nuestros perros, por eso ofrecemos los productos ideales para su alimentaci\u00f3n.<\/p>\n<h3 id=\"3-1-nutrapro\" style=\"padding-left: 40px;\">3.1 NutraPro<\/h3>\n<p><a href=\"https:\/\/tinyurl.com\/2egjecal\" target=\"_blank\" rel=\"noopener\">NutraPro<\/a> es un alimento completo para perros adultos de razas medianas y grandes que lo llena de energ\u00eda y vitalidad, porque esta enriquecido con nutrientes esenciales que promueven la salud, fortaleza y vitalidad de tu mascota. Contiene mayor prote\u00edna, mayor digestibilidad y estimula las defensas.<\/p>\n<h3 id=\"3-2-razza\" style=\"padding-left: 40px;\">3.2 Razza<\/h3>\n<p><a href=\"https:\/\/tinyurl.com\/2pcm2vex\" target=\"_blank\" rel=\"noopener\">Razza<\/a> , es un producto con tiple prote\u00edna, que contiene frutas, vegetales y extracto de euglena gracilis para la estimulaci\u00f3n del metabolismo y la p\u00e9rdida de peso. Con m\u00e1s de 10 super alimentos en su formulaci\u00f3n, no tiene colorantes, ni saborizantes artificiales.<\/p>\n<p>\u00a0<\/p>\n\n<style>.kb-image_a16957-e4 .kb-image-has-overlay:after{opacity:0.3;}<\/style>\n<div class=\"wp-block-kadence-image kb-image_a16957-e4\"><figure class=\"aligncenter size-full\"><img decoding=\"async\" src=\"https:\/\/agripac.com.ec\/blog\/wp-content\/uploads\/2023\/07\/Dia-mundial-del-perro-blog.png\" alt=\"\" class=\"lazyload_inited kb-img wp-image-15049\"\/><\/figure><\/div>\n\n\n\n<h2 id=\"4-impacto-positivo-de-los-programas-de-terapia-asistida-con-perros-en-ecuador\" class=\"wp-block-heading\">4. Impacto positivo de los programas de terapia asistida con perros en Ecuador<\/h2>\n\n\n<p style=\"text-align: justify;\">Los programas de terapia asistida con perros tienen un impacto social positivo en Ecuador.<br \/><br \/>Los perros pueden ayudar a reducir el estr\u00e9s, la ansiedad y la depresi\u00f3n, y pueden mejorar el estado de \u00e1nimo y la autoestima. Tambi\u00e9n pueden ayudar a promover la socializaci\u00f3n y la interacci\u00f3n entre las personas.<br \/><br \/>Un estudio realizado en el Hospital Carlos Andrade Mar\u00edn de Quito encontr\u00f3 que los pacientes que recibieron terapia asistida con perros ten\u00edan niveles m\u00e1s bajos de ansiedad y depresi\u00f3n, y dorm\u00edan mejor que los pacientes que no recibieron terapia.<br \/><br \/>Igual manera la Escuela de Medicina de la Universidad de Cuenca encontr\u00f3 que los ni\u00f1os con discapacidades f\u00edsicas, que recibieron terapia asistida con perros, mejoraron su equilibrio, coordinaci\u00f3n y fuerza muscular. Tambi\u00e9n mejoraron su comunicaci\u00f3n y habilidades sociales.<br \/><br \/>Finalmente, Agripac y el <a href=\"https:\/\/www.facebook.com\/canoterapiaec\/?locale=es_LA\" target=\"_blank\" rel=\"noopener\">Centro de Cano Terapia<\/a> ejecutan el programa de \u201cTerapia Asistida con Perros en Ecuador\u201d que est\u00e1 dise\u00f1ado para ayudar a personas con condici\u00f3n de espectro autista a mejorar su comunicaci\u00f3n, interacci\u00f3n social, habilidades motoras y autoestima.<br \/><br \/>Los perros tambi\u00e9n pueden ayudar a reducir el estr\u00e9s, la ansiedad y la depresi\u00f3n. Un ejemplo es Ruso y Frida, que son perros entrenados por el <a href=\"https:\/\/www.facebook.com\/canoterapiaec\/?locale=es_LA\" target=\"_blank\" rel=\"noopener\">Centro de Cano Terapia<\/a> para ser pacientes, tolerantes y cari\u00f1osos. Tambi\u00e9n para seguir instrucciones y obedecer \u00f3rdenes. Agripac aport\u00f3 con su alimentaci\u00f3n, durante los dos a\u00f1os de entrenamiento., con NutraPro.<\/p>\n\n\n<h2 id=\"5-el-compromiso-continuo-hacia-el-bienestar-canino\" class=\"wp-block-heading\">5. El compromiso continuo hacia el bienestar canino<\/h2>\n\n\n<p style=\"text-align: justify;\">En Agripac, entendemos la importancia de cuidar a nuestros perros de manera adecuada para mantener su salud y bienestar. Creemos que los peluditos son miembros de nuestra familia y merecen ser tratados con amor y respeto.<br \/><br \/>Por eso estamos comprometidos en ofrecer productos de calidad, dise\u00f1ados para ayudar a nuestros canes a mantenerse sanos, felices y seguros.<br \/>Gracias por elegir Agripac para el cuidado de su perro. \u00a1Nos vemos en el siguiente blog!<\/p>","protected":false},"excerpt":{"rendered":"<p>El D\u00eda Mundial del Perro es una celebraci\u00f3n que busca honrar a nuestros fieles compa\u00f1eros caninos y concienciar sobre su importancia en nuestras vidas. <\/p>\n","protected":false},"author":26,"featured_media":15106,"comment_status":"open","ping_status":"","sticky":false,"template":"","format":"standard","meta":{"_acf_changed":false,"limit_modified_date":"","last_modified_date":"","footnotes":""},"categories":[84],"tags":[],"class_list":["post-15105","post","type-post","status-publish","format-standard","has-post-thumbnail","hentry","category-mascotas"],"acf":[],"_links":{"self":[{"href":"https:\/\/agripac.com.ec\/blog\/wp-json\/wp\/v2\/posts\/15105","targetHints":{"allow":["GET"]}}],"collection":[{"href":"https:\/\/agripac.com.ec\/blog\/wp-json\/wp\/v2\/posts"}],"about":[{"href":"https:\/\/agripac.com.ec\/blog\/wp-json\/wp\/v2\/types\/post"}],"author":[{"embeddable":true,"href":"https:\/\/agripac.com.ec\/blog\/wp-json\/wp\/v2\/users\/26"}],"replies":[{"embeddable":true,"href":"https:\/\/agripac.com.ec\/blog\/wp-json\/wp\/v2\/comments?post=15105"}],"version-history":[{"count":0,"href":"https:\/\/agripac.com.ec\/blog\/wp-json\/wp\/v2\/posts\/15105\/revisions"}],"wp:featuredmedia":[{"embeddable":true,"href":"https:\/\/agripac.com.ec\/blog\/wp-json\/wp\/v2\/media\/15106"}],"wp:attachment":[{"href":"https:\/\/agripac.com.ec\/blog\/wp-json\/wp\/v2\/media?parent=15105"}],"wp:term":[{"taxonomy":"category","embeddable":true,"href":"https:\/\/agripac.com.ec\/blog\/wp-json\/wp\/v2\/categories?post=15105"},{"taxonomy":"post_tag","embeddable":true,"href":"https:\/\/agripac.com.ec\/blog\/wp-json\/wp\/v2\/tags?post=15105"}],"curies":[{"name":"wp","href":"https:\/\/api.w.org\/{rel}","templated":true}]}}